{"id":1429,"date":"2015-09-22T21:00:10","date_gmt":"2015-09-22T20:00:10","guid":{"rendered":"http:\/\/www.wherethestreetshavenoname.de\/?p=1429"},"modified":"2018-10-31T10:26:51","modified_gmt":"2018-10-31T09:26:51","slug":"balchyk-kirgistan","status":"publish","type":"post","link":"https:\/\/wherethestreetshavenoname.de\/?p=1429","title":{"rendered":"Balchyk, Kirgistan"},"content":{"rendered":"<div class=\"fusion-fullwidth fullwidth-box fusion-builder-row-1 nonhundred-percent-fullwidth non-hundred-percent-height-scrolling\" style=\"--awb-border-radius-top-left:0px;--awb-border-radius-top-right:0px;--awb-border-radius-bottom-right:0px;--awb-border-radius-bottom-left:0px;--awb-flex-wrap:wrap;\" ><div class=\"fusion-builder-row fusion-row\"><div class=\"fusion-layout-column fusion_builder_column fusion-builder-column-0 fusion_builder_column_1_1 1_1 fusion-one-full fusion-column-first fusion-column-last\" style=\"--awb-bg-size:cover;--awb-margin-bottom:0px;\"><div class=\"fusion-column-wrapper fusion-flex-column-wrapper-legacy\"><div class=\"fusion-text fusion-text-1\"><p>Hatte ich schon erz\u00e4hlt, wie sch\u00f6n die Landschaft hier ist?<\/p>\n<p>Manchmal sind die Berge h\u00fcgelig und mit hellgr\u00fcnem Gras bewachsen, manchmal sind sie unter dunkelgr\u00fcnen B\u00e4umen kaum zu sehen, und manchmal sind sie rot und kahl. Oft tragen sie wei\u00dfe H\u00fcte aus Schnee. \u00dcberall glitzern kleine Fl\u00fcsse in der Sonne. Pferde, Schafe, Ziegen, K\u00fche und Esel stehen in Herden herum und spazieren\u00a0\u00fcber die Fahrbahn. Viele Kinder und auch manch Erwachsene winken uns zu. Wir genie\u00dfen die Fahrt trotz des k\u00fchlen Wetters sehr. Und der Issyk-Kul wirkt wie ein t\u00fcrkisfarbenes Meer &#8211; traumhaft!<\/p>\n<div id=\"attachment_4557\" style=\"width: 1210px\" class=\"wp-caption aligncenter\"><a href=\"https:\/\/wherethestreetshavenoname.de\/wp-content\/uploads\/15-09-17-Kirgistan-15_.jpg\"><img decoding=\"async\" aria-describedby=\"caption-attachment-4557\" class=\"size-1200 wp-image-4557\" src=\"https:\/\/wherethestreetshavenoname.de\/wp-content\/uploads\/15-09-17-Kirgistan-15_-1200x798.jpg\" alt=\"\" width=\"1200\" height=\"798\" srcset=\"https:\/\/wherethestreetshavenoname.de\/wp-content\/uploads\/15-09-17-Kirgistan-15_-200x133.jpg 200w, https:\/\/wherethestreetshavenoname.de\/wp-content\/uploads\/15-09-17-Kirgistan-15_-300x199.jpg 300w, https:\/\/wherethestreetshavenoname.de\/wp-content\/uploads\/15-09-17-Kirgistan-15_-400x266.jpg 400w, https:\/\/wherethestreetshavenoname.de\/wp-content\/uploads\/15-09-17-Kirgistan-15_-600x399.jpg 600w, https:\/\/wherethestreetshavenoname.de\/wp-content\/uploads\/15-09-17-Kirgistan-15_-768x510.jpg 768w, https:\/\/wherethestreetshavenoname.de\/wp-content\/uploads\/15-09-17-Kirgistan-15_-800x532.jpg 800w, https:\/\/wherethestreetshavenoname.de\/wp-content\/uploads\/15-09-17-Kirgistan-15_-1200x798.jpg 1200w, https:\/\/wherethestreetshavenoname.de\/wp-content\/uploads\/15-09-17-Kirgistan-15_.jpg 1920w\" sizes=\"(max-width: 1200px) 100vw, 1200px\" \/><\/a><p id=\"caption-attachment-4557\" class=\"wp-caption-text\">Der Issyk-Kul mit ein paar Bergen. Dazu ist es unglaublich ruhig. Sehr, sehr sch\u00f6n.<\/p><\/div>\n<p><a href=\"https:\/\/wherethestreetshavenoname.de\/wp-content\/uploads\/15-09-17-Kirgistan-20_.jpg\"><img decoding=\"async\" class=\"aligncenter size-1200 wp-image-4562\" src=\"https:\/\/wherethestreetshavenoname.de\/wp-content\/uploads\/15-09-17-Kirgistan-20_-1200x798.jpg\" alt=\"\" width=\"1200\" height=\"798\" srcset=\"https:\/\/wherethestreetshavenoname.de\/wp-content\/uploads\/15-09-17-Kirgistan-20_-200x133.jpg 200w, https:\/\/wherethestreetshavenoname.de\/wp-content\/uploads\/15-09-17-Kirgistan-20_-300x199.jpg 300w, https:\/\/wherethestreetshavenoname.de\/wp-content\/uploads\/15-09-17-Kirgistan-20_-400x266.jpg 400w, https:\/\/wherethestreetshavenoname.de\/wp-content\/uploads\/15-09-17-Kirgistan-20_-600x399.jpg 600w, https:\/\/wherethestreetshavenoname.de\/wp-content\/uploads\/15-09-17-Kirgistan-20_-768x510.jpg 768w, https:\/\/wherethestreetshavenoname.de\/wp-content\/uploads\/15-09-17-Kirgistan-20_-800x532.jpg 800w, https:\/\/wherethestreetshavenoname.de\/wp-content\/uploads\/15-09-17-Kirgistan-20_-1200x798.jpg 1200w, https:\/\/wherethestreetshavenoname.de\/wp-content\/uploads\/15-09-17-Kirgistan-20_.jpg 1920w\" sizes=\"(max-width: 1200px) 100vw, 1200px\" \/><\/a><\/p>\n<p>Eigentlich wollten wir zelten, aber wir finden am Abend keinen geeigneten Platz. Den ganzen Tag war es wundersch\u00f6n, aber am Abend passt es nicht mehr. Die N\u00e4he zum Fluss Chur sorgt in Verbindung mit der Windstille durch die Berge f\u00fcr reichlich Insekten und den Rest des Tages wollen wir weder zwischen M\u00fccken noch komplett im Zelt verbringen. Daher suchen wir uns in Balchyk ein Hotel und picknicken am Pier des Sees. Es ist zwar k\u00fchl hier, aber wirklich h\u00fcbsch. Baden tun wir nicht, obwohl es uns immer wieder angeboten wird. Sind die denn verr\u00fcckt? Rattenkalt ist das Biest.<\/p>\n<div id=\"attachment_4563\" style=\"width: 1210px\" class=\"wp-caption aligncenter\"><a href=\"https:\/\/wherethestreetshavenoname.de\/wp-content\/uploads\/15-09-17-Kirgistan-21_.jpg\"><img decoding=\"async\" aria-describedby=\"caption-attachment-4563\" class=\"size-1200 wp-image-4563\" src=\"https:\/\/wherethestreetshavenoname.de\/wp-content\/uploads\/15-09-17-Kirgistan-21_-1200x798.jpg\" alt=\"\" width=\"1200\" height=\"798\" srcset=\"https:\/\/wherethestreetshavenoname.de\/wp-content\/uploads\/15-09-17-Kirgistan-21_-200x133.jpg 200w, https:\/\/wherethestreetshavenoname.de\/wp-content\/uploads\/15-09-17-Kirgistan-21_-300x199.jpg 300w, https:\/\/wherethestreetshavenoname.de\/wp-content\/uploads\/15-09-17-Kirgistan-21_-400x266.jpg 400w, https:\/\/wherethestreetshavenoname.de\/wp-content\/uploads\/15-09-17-Kirgistan-21_-600x399.jpg 600w, https:\/\/wherethestreetshavenoname.de\/wp-content\/uploads\/15-09-17-Kirgistan-21_-768x510.jpg 768w, https:\/\/wherethestreetshavenoname.de\/wp-content\/uploads\/15-09-17-Kirgistan-21_-800x532.jpg 800w, https:\/\/wherethestreetshavenoname.de\/wp-content\/uploads\/15-09-17-Kirgistan-21_-1200x798.jpg 1200w, https:\/\/wherethestreetshavenoname.de\/wp-content\/uploads\/15-09-17-Kirgistan-21_.jpg 1920w\" sizes=\"(max-width: 1200px) 100vw, 1200px\" \/><\/a><p id=\"caption-attachment-4563\" class=\"wp-caption-text\">Abendessen am Pier in Balchyk.<\/p><\/div>\n<p><a href=\"https:\/\/wherethestreetshavenoname.de\/wp-content\/uploads\/15-09-17-Kirgistan-22_.jpg\"><img decoding=\"async\" class=\"aligncenter size-1200 wp-image-4564\" src=\"https:\/\/wherethestreetshavenoname.de\/wp-content\/uploads\/15-09-17-Kirgistan-22_-1200x798.jpg\" alt=\"\" width=\"1200\" height=\"798\" srcset=\"https:\/\/wherethestreetshavenoname.de\/wp-content\/uploads\/15-09-17-Kirgistan-22_-200x133.jpg 200w, https:\/\/wherethestreetshavenoname.de\/wp-content\/uploads\/15-09-17-Kirgistan-22_-300x199.jpg 300w, https:\/\/wherethestreetshavenoname.de\/wp-content\/uploads\/15-09-17-Kirgistan-22_-400x266.jpg 400w, https:\/\/wherethestreetshavenoname.de\/wp-content\/uploads\/15-09-17-Kirgistan-22_-600x399.jpg 600w, https:\/\/wherethestreetshavenoname.de\/wp-content\/uploads\/15-09-17-Kirgistan-22_-768x510.jpg 768w, https:\/\/wherethestreetshavenoname.de\/wp-content\/uploads\/15-09-17-Kirgistan-22_-800x532.jpg 800w, https:\/\/wherethestreetshavenoname.de\/wp-content\/uploads\/15-09-17-Kirgistan-22_-1200x798.jpg 1200w, https:\/\/wherethestreetshavenoname.de\/wp-content\/uploads\/15-09-17-Kirgistan-22_.jpg 1920w\" sizes=\"(max-width: 1200px) 100vw, 1200px\" \/><\/a><\/p>\n<div id=\"attachment_4565\" style=\"width: 1210px\" class=\"wp-caption aligncenter\"><a href=\"https:\/\/wherethestreetshavenoname.de\/wp-content\/uploads\/15-09-17-Kirgistan-23_.jpg\"><img decoding=\"async\" aria-describedby=\"caption-attachment-4565\" class=\"size-1200 wp-image-4565\" src=\"https:\/\/wherethestreetshavenoname.de\/wp-content\/uploads\/15-09-17-Kirgistan-23_-1200x798.jpg\" alt=\"\" width=\"1200\" height=\"798\" srcset=\"https:\/\/wherethestreetshavenoname.de\/wp-content\/uploads\/15-09-17-Kirgistan-23_-200x133.jpg 200w, https:\/\/wherethestreetshavenoname.de\/wp-content\/uploads\/15-09-17-Kirgistan-23_-300x199.jpg 300w, https:\/\/wherethestreetshavenoname.de\/wp-content\/uploads\/15-09-17-Kirgistan-23_-400x266.jpg 400w, https:\/\/wherethestreetshavenoname.de\/wp-content\/uploads\/15-09-17-Kirgistan-23_-600x399.jpg 600w, https:\/\/wherethestreetshavenoname.de\/wp-content\/uploads\/15-09-17-Kirgistan-23_-768x510.jpg 768w, https:\/\/wherethestreetshavenoname.de\/wp-content\/uploads\/15-09-17-Kirgistan-23_-800x532.jpg 800w, https:\/\/wherethestreetshavenoname.de\/wp-content\/uploads\/15-09-17-Kirgistan-23_-1200x798.jpg 1200w, https:\/\/wherethestreetshavenoname.de\/wp-content\/uploads\/15-09-17-Kirgistan-23_.jpg 1920w\" sizes=\"(max-width: 1200px) 100vw, 1200px\" \/><\/a><p id=\"caption-attachment-4565\" class=\"wp-caption-text\">Und weil es hier so nett ist, g\u00f6nnen wir uns nach dem Fr\u00fchst\u00fcck am n\u00e4chsten Tag noch ein paar Minuten in der Sonne.<\/p><\/div>\n<p>Am n\u00e4chsten Tag treffen wir uns mit Bogdan in Bishkek. Erinnert Ihr Euch vielleicht? Wir trafen ihn und George in kasachstans unendlichen Weiten, und ich fahre heute noch mit Georges Schlauch in meinem Hinterrad. Hierbei handelt es sich um ein chinesisches Qualit\u00e4tsprodukt! Wir unternehmen eine sch\u00f6ne Ausfahrt in Bishkeks Umgebung und verbringen den Abend mit seiner Frau und Tochter. Wir sind gleich zur \u00dcbernachtung um Wohnzimmer einquartiert worden und gehen noch gemeinsam eine Art Honigmet trinken. Recht lecker, aber Vorsicht: auch arg hochprozentig!<\/p>\n<div id=\"attachment_4566\" style=\"width: 1210px\" class=\"wp-caption aligncenter\"><a href=\"https:\/\/wherethestreetshavenoname.de\/wp-content\/uploads\/15-09-17-Kirgistan-24_.jpg\"><img decoding=\"async\" aria-describedby=\"caption-attachment-4566\" class=\"size-1200 wp-image-4566\" src=\"https:\/\/wherethestreetshavenoname.de\/wp-content\/uploads\/15-09-17-Kirgistan-24_-1200x798.jpg\" alt=\"\" width=\"1200\" height=\"798\" srcset=\"https:\/\/wherethestreetshavenoname.de\/wp-content\/uploads\/15-09-17-Kirgistan-24_-200x133.jpg 200w, https:\/\/wherethestreetshavenoname.de\/wp-content\/uploads\/15-09-17-Kirgistan-24_-300x199.jpg 300w, https:\/\/wherethestreetshavenoname.de\/wp-content\/uploads\/15-09-17-Kirgistan-24_-400x266.jpg 400w, https:\/\/wherethestreetshavenoname.de\/wp-content\/uploads\/15-09-17-Kirgistan-24_-600x399.jpg 600w, https:\/\/wherethestreetshavenoname.de\/wp-content\/uploads\/15-09-17-Kirgistan-24_-768x510.jpg 768w, https:\/\/wherethestreetshavenoname.de\/wp-content\/uploads\/15-09-17-Kirgistan-24_-800x532.jpg 800w, https:\/\/wherethestreetshavenoname.de\/wp-content\/uploads\/15-09-17-Kirgistan-24_-1200x798.jpg 1200w, https:\/\/wherethestreetshavenoname.de\/wp-content\/uploads\/15-09-17-Kirgistan-24_.jpg 1920w\" sizes=\"(max-width: 1200px) 100vw, 1200px\" \/><\/a><p id=\"caption-attachment-4566\" class=\"wp-caption-text\">Bogdan und Albi auf dem Dach eines antiken Minaretts, das wir in einem Freilichtmuseum nahe Bishkek besichtigen.<\/p><\/div>\n<p><a href=\"https:\/\/wherethestreetshavenoname.de\/wp-content\/uploads\/15-09-17-Kirgistan-26_.jpg\"><img decoding=\"async\" class=\"aligncenter wp-image-4568 size-800\" src=\"https:\/\/wherethestreetshavenoname.de\/wp-content\/uploads\/15-09-17-Kirgistan-26_-800x1204.jpg\" alt=\"\" width=\"800\" height=\"1204\" srcset=\"https:\/\/wherethestreetshavenoname.de\/wp-content\/uploads\/15-09-17-Kirgistan-26_-199x300.jpg 199w, https:\/\/wherethestreetshavenoname.de\/wp-content\/uploads\/15-09-17-Kirgistan-26_-200x301.jpg 200w, https:\/\/wherethestreetshavenoname.de\/wp-content\/uploads\/15-09-17-Kirgistan-26_-400x602.jpg 400w, https:\/\/wherethestreetshavenoname.de\/wp-content\/uploads\/15-09-17-Kirgistan-26_-600x903.jpg 600w, https:\/\/wherethestreetshavenoname.de\/wp-content\/uploads\/15-09-17-Kirgistan-26_-768x1156.jpg 768w, https:\/\/wherethestreetshavenoname.de\/wp-content\/uploads\/15-09-17-Kirgistan-26_-800x1204.jpg 800w, https:\/\/wherethestreetshavenoname.de\/wp-content\/uploads\/15-09-17-Kirgistan-26_.jpg 848w\" sizes=\"(max-width: 800px) 100vw, 800px\" \/><\/a><\/p>\n<p><a href=\"https:\/\/wherethestreetshavenoname.de\/wp-content\/uploads\/15-09-17-Kirgistan-27_.jpg\"><img decoding=\"async\" class=\"aligncenter size-1200 wp-image-4569\" src=\"https:\/\/wherethestreetshavenoname.de\/wp-content\/uploads\/15-09-17-Kirgistan-27_-1200x798.jpg\" alt=\"\" width=\"1200\" height=\"798\" srcset=\"https:\/\/wherethestreetshavenoname.de\/wp-content\/uploads\/15-09-17-Kirgistan-27_-200x133.jpg 200w, https:\/\/wherethestreetshavenoname.de\/wp-content\/uploads\/15-09-17-Kirgistan-27_-300x199.jpg 300w, https:\/\/wherethestreetshavenoname.de\/wp-content\/uploads\/15-09-17-Kirgistan-27_-400x266.jpg 400w, https:\/\/wherethestreetshavenoname.de\/wp-content\/uploads\/15-09-17-Kirgistan-27_-600x399.jpg 600w, https:\/\/wherethestreetshavenoname.de\/wp-content\/uploads\/15-09-17-Kirgistan-27_-768x510.jpg 768w, https:\/\/wherethestreetshavenoname.de\/wp-content\/uploads\/15-09-17-Kirgistan-27_-800x532.jpg 800w, https:\/\/wherethestreetshavenoname.de\/wp-content\/uploads\/15-09-17-Kirgistan-27_-1200x798.jpg 1200w, https:\/\/wherethestreetshavenoname.de\/wp-content\/uploads\/15-09-17-Kirgistan-27_.jpg 1920w\" sizes=\"(max-width: 1200px) 100vw, 1200px\" \/><\/a><\/p>\n<p><a href=\"https:\/\/wherethestreetshavenoname.de\/wp-content\/uploads\/15-09-17-Kirgistan-28_.jpg\"><img decoding=\"async\" class=\"aligncenter size-1200 wp-image-4570\" src=\"https:\/\/wherethestreetshavenoname.de\/wp-content\/uploads\/15-09-17-Kirgistan-28_-1200x798.jpg\" alt=\"\" width=\"1200\" height=\"798\" srcset=\"https:\/\/wherethestreetshavenoname.de\/wp-content\/uploads\/15-09-17-Kirgistan-28_-200x133.jpg 200w, https:\/\/wherethestreetshavenoname.de\/wp-content\/uploads\/15-09-17-Kirgistan-28_-300x199.jpg 300w, https:\/\/wherethestreetshavenoname.de\/wp-content\/uploads\/15-09-17-Kirgistan-28_-400x266.jpg 400w, https:\/\/wherethestreetshavenoname.de\/wp-content\/uploads\/15-09-17-Kirgistan-28_-600x399.jpg 600w, https:\/\/wherethestreetshavenoname.de\/wp-content\/uploads\/15-09-17-Kirgistan-28_-768x510.jpg 768w, https:\/\/wherethestreetshavenoname.de\/wp-content\/uploads\/15-09-17-Kirgistan-28_-800x532.jpg 800w, https:\/\/wherethestreetshavenoname.de\/wp-content\/uploads\/15-09-17-Kirgistan-28_-1200x798.jpg 1200w, https:\/\/wherethestreetshavenoname.de\/wp-content\/uploads\/15-09-17-Kirgistan-28_.jpg 1920w\" sizes=\"(max-width: 1200px) 100vw, 1200px\" \/><\/a><\/p>\n<\/div><div class=\"fusion-clearfix\"><\/div><\/div><\/div><\/div><\/div>\n","protected":false},"excerpt":{"rendered":"","protected":false},"author":1,"featured_media":4561,"comment_status":"open","ping_status":"closed","sticky":false,"template":"","format":"standard","meta":{"footnotes":""},"categories":[4],"tags":[],"class_list":["post-1429","post","type-post","status-publish","format-standard","has-post-thumbnail","hentry","category-tour-20152016"],"_links":{"self":[{"href":"https:\/\/wherethestreetshavenoname.de\/index.php?rest_route=\/wp\/v2\/posts\/1429","targetHints":{"allow":["GET"]}}],"collection":[{"href":"https:\/\/wherethestreetshavenoname.de\/index.php?rest_route=\/wp\/v2\/posts"}],"about":[{"href":"https:\/\/wherethestreetshavenoname.de\/index.php?rest_route=\/wp\/v2\/types\/post"}],"author":[{"embeddable":true,"href":"https:\/\/wherethestreetshavenoname.de\/index.php?rest_route=\/wp\/v2\/users\/1"}],"replies":[{"embeddable":true,"href":"https:\/\/wherethestreetshavenoname.de\/index.php?rest_route=%2Fwp%2Fv2%2Fcomments&post=1429"}],"version-history":[{"count":15,"href":"https:\/\/wherethestreetshavenoname.de\/index.php?rest_route=\/wp\/v2\/posts\/1429\/revisions"}],"predecessor-version":[{"id":4613,"href":"https:\/\/wherethestreetshavenoname.de\/index.php?rest_route=\/wp\/v2\/posts\/1429\/revisions\/4613"}],"wp:featuredmedia":[{"embeddable":true,"href":"https:\/\/wherethestreetshavenoname.de\/index.php?rest_route=\/wp\/v2\/media\/4561"}],"wp:attachment":[{"href":"https:\/\/wherethestreetshavenoname.de\/index.php?rest_route=%2Fwp%2Fv2%2Fmedia&parent=1429"}],"wp:term":[{"taxonomy":"category","embeddable":true,"href":"https:\/\/wherethestreetshavenoname.de\/index.php?rest_route=%2Fwp%2Fv2%2Fcategories&post=1429"},{"taxonomy":"post_tag","embeddable":true,"href":"https:\/\/wherethestreetshavenoname.de\/index.php?rest_route=%2Fwp%2Fv2%2Ftags&post=1429"}],"curies":[{"name":"wp","href":"https:\/\/api.w.org\/{rel}","templated":true}]}}